{"id":74529,"date":"2025-04-01T17:56:21","date_gmt":"2025-04-01T17:56:21","guid":{"rendered":"https:\/\/cwc.ca\/?post_type=industry-news&#038;p=74529"},"modified":"2025-04-15T20:25:57","modified_gmt":"2025-04-15T20:25:57","slug":"canadian-wood-council-releases-new-environmental-product-declarations-for-5-canadian-manufactured-wood-products","status":"publish","type":"industry-news","link":"https:\/\/cwc.ca\/fr\/industry-news\/le-conseil-canadien-du-bois-publie-de-nouvelles-declarations-environnementales-de-produits-pour-cinq-produits-du-bois-fabriques-au-canada\/","title":{"rendered":"Le Conseil canadien du bois publie de nouvelles d\u00e9clarations environnementales de produits pour cinq produits manufactur\u00e9s du bois canadiens"},"content":{"rendered":"<p>OTTAWA, ON, 1 AVRIL 2025 \u2014 C\u2019est avec grand plaisir que le Conseil canadien du bois (CCB) annonce la publication de nouvelles d\u00e9clarations environnementales de produits pour le bois d\u2019\u0153uvre r\u00e9sineux, les panneaux de lamelles orient\u00e9es, le contreplaqu\u00e9, les fermes et les solives en I en bois pr\u00e9fabriqu\u00e9es. Elles contiennent des donn\u00e9es environnementales exhaustives et transparentes sur les impacts potentiels des \u00e9tapes du cycle de vie de l\u2019extraction des mati\u00e8res premi\u00e8res \u00e0 la sortie de l\u2019usine de ces produits essentiels.<\/p>\n\n\n\n<p>\u00c9labor\u00e9es sous la forme de d\u00e9clarations de type III r\u00e9gionales et sectorielles (B2B), les DEP sont conformes aux normes internationales les plus strictes, notamment les normes ISO 21930, ISO 14025, ISO 14040, ISO 14044, les r\u00e8gles r\u00e9gissant les cat\u00e9gories de produits et les instructions g\u00e9n\u00e9rales du programme de l'ASTM pour les DEP de type III. Cela garantit des donn\u00e9es cr\u00e9dibles et v\u00e9rifi\u00e9es par une tierce partie sur l'impact environnemental, aidant les concepteurs, les constructeurs et les d\u00e9cideurs \u00e0 faire des choix \u00e9clair\u00e9s et durables en mati\u00e8re de mat\u00e9riaux.<\/p>\n\n\n\n<p>\u00ab La publication des nouvelles d\u00e9clarations environnementales de produits renforce notre engagement envers la transparence et la responsabilit\u00e9 environnementale dans le secteur du bois \u00bb, indique Peter Moonen, directeur national de la durabilit\u00e9 du Conseil canadien du bois. \u00ab En fournissant des donn\u00e9es environnementales fiables et \u00e9tay\u00e9es par la science, nous donnons \u00e0 l\u2019industrie les outils n\u00e9cessaires pour faire la preuve des avantages environnementaux du bois et pour soutenir la construction faible en carbone. \u00bb<\/p>\n\n\n\n<p>Les d\u00e9clarations environnementales de produits peuvent \u00eatre t\u00e9l\u00e9charg\u00e9es \u00e0 partir du centre des ressources num\u00e9rique du Conseil canadien du bois : <a href=\"https:\/\/cwc.ca\/fr\/articles\/demo-epds-2\/\">www.cwc.ca<\/a><\/p>\n\n\n\n<figure class=\"wp-block-table\"><table class=\"has-fixed-layout\"><tbody><tr><td><strong>EPD<\/strong><\/td><td><strong>Lien<\/strong><\/td><\/tr><tr><td>Une DEP moyenne de l\u2019industrie pour les solives en I en bois pr\u00e9fabriqu\u00e9es au Canada<\/td><td><a href=\"https:\/\/cwc.ca\/fr\/publication\/une-dep-moyenne-de-lindustrie-pour-les-solives-en-i-en-bois-prefabriquees-au-canada\/\" target=\"_blank\" rel=\"noopener\">Voir la ressource<\/a><\/td><\/tr><tr><td>Une DEP moyenne de l\u2019industrie par r\u00e9gion pour le bois d\u2019oeuvre r\u00e9sineux canadien<\/td><td><a href=\"https:\/\/cwc.ca\/fr\/publication\/une-dep-moyenne-de-lindustrie-par-region-pour-le-bois-doeuvre-resineux-canadien\/\" target=\"_blank\" rel=\"noopener\">Voir la ressource<\/a><\/td><\/tr><tr><td>Une DEP moyenne de l\u2019industrie par r\u00e9gion pour les panneaux de lamelles orient\u00e9es canadiens<\/td><td><a href=\"https:\/\/cwc.ca\/fr\/publication\/une-dep-moyenne-de-lindustrie-par-region-pour-les-panneaux-de-lamelles-orientees-canadiens\/\" target=\"_blank\" rel=\"noopener\">Voir la ressource<\/a><\/td><\/tr><tr><td>Une DEP moyenne de l\u2019industrie pour le contreplaqu\u00e9 de r\u00e9sineux canadien<\/td><td><a href=\"https:\/\/cwc.ca\/fr\/publication\/une-dep-moyenne-de-lindustrie-pour-le-contreplaque-de-resineux-canadien\/\" target=\"_blank\" rel=\"noopener\">Voir la ressource<\/a><\/td><\/tr><tr><td>Une DEP moyenne de l\u2019industrie par r\u00e9gion pour les fermes en bois canadiennes<\/td><td><a href=\"https:\/\/cwc.ca\/fr\/piblication\/une-dep-moyenne-de-lindustrie-par-region-pour-les-fermes-en-bois-canadiennes\/\" target=\"_blank\" rel=\"noopener\">Voir la ressource<\/a><\/td><\/tr><\/tbody><\/table><\/figure>","protected":false},"featured_media":74532,"template":"","categories":[62],"tags":[],"language":[60],"personas":[],"building-with-wood":[252],"class_list":["post-74529","industry-news","type-industry-news","status-publish","has-post-thumbnail","hentry","category-uncategorized-en","language-en","building-with-wood-industry-news"],"acf":[],"_links":{"self":[{"href":"https:\/\/cwc.ca\/fr\/wp-json\/wp\/v2\/industry-news\/74529","targetHints":{"allow":["GET"]}}],"collection":[{"href":"https:\/\/cwc.ca\/fr\/wp-json\/wp\/v2\/industry-news"}],"about":[{"href":"https:\/\/cwc.ca\/fr\/wp-json\/wp\/v2\/types\/industry-news"}],"wp:featuredmedia":[{"embeddable":true,"href":"https:\/\/cwc.ca\/fr\/wp-json\/wp\/v2\/media\/74532"}],"wp:attachment":[{"href":"https:\/\/cwc.ca\/fr\/wp-json\/wp\/v2\/media?parent=74529"}],"wp:term":[{"taxonomy":"category","embeddable":true,"href":"https:\/\/cwc.ca\/fr\/wp-json\/wp\/v2\/categories?post=74529"},{"taxonomy":"post_tag","embeddable":true,"href":"https:\/\/cwc.ca\/fr\/wp-json\/wp\/v2\/tags?post=74529"},{"taxonomy":"language","embeddable":true,"href":"https:\/\/cwc.ca\/fr\/wp-json\/wp\/v2\/language?post=74529"},{"taxonomy":"personas","embeddable":true,"href":"https:\/\/cwc.ca\/fr\/wp-json\/wp\/v2\/personas?post=74529"},{"taxonomy":"building-with-wood","embeddable":true,"href":"https:\/\/cwc.ca\/fr\/wp-json\/wp\/v2\/building-with-wood?post=74529"}],"curies":[{"name":"wp","href":"https:\/\/api.w.org\/{rel}","templated":true}]}}