{"id":71467,"date":"2025-03-30T15:21:35","date_gmt":"2025-03-30T15:21:35","guid":{"rendered":"https:\/\/cwc.ca\/?p=71467"},"modified":"2025-09-16T02:57:33","modified_gmt":"2025-09-16T02:57:33","slug":"camosun-college","status":"publish","type":"post","link":"https:\/\/cwc.ca\/fr\/college-camosun\/","title":{"rendered":"Camosun College"},"content":{"rendered":"<p><strong>Province :<\/strong>\u00a0Colombie-Britannique<br \/>\n<strong>Ville :<\/strong>\u00a0Victoria<br \/>\n<strong>Cat\u00e9gorie de projet :<\/strong>\u00a0\u00c9ducation<\/p>\n<p><strong>Description :<\/strong><\/p>\n<p>Le gouvernement de la Colombie-Britannique a annonc\u00e9, en juillet 2024, un investissement de 151,7 millions CAD pour la construction de logements \u00e9tudiants au campus Lansdowne du Camosun College. Le coll\u00e8ge investira 3 millions de plus, pour un co\u00fbt global de 154,7 millions de dollars. Selon un communiqu\u00e9 du coll\u00e8ge, le b\u00e2timent de six \u00e9tages sera construit en bois massif et offrira plus de 400 lits pour \u00e9tudiants (style dortoir, chambres individuelles et appartements de quatre chambres), ainsi que des salles de r\u00e9flexion, des toilettes universelles et des cuisines communes. Le coll\u00e8ge, qui souhaite recruter un consultant principal pour diriger la conception, pr\u00e9voit conclure cette nomination en 2025. Le projet devrait \u00eatre achev\u00e9 d\u2019ici l\u2019automne 2027.<\/p>","protected":false},"excerpt":{"rendered":"<p>Province : Colombie-Britannique Ville : Victoria Cat\u00e9gorie de projet : \u00c9ducation Description : En juillet 2024, le gouvernement de la Colombie-Britannique s'est engag\u00e9 \u00e0 financer $151,7 millions de dollars pour la construction de logements pour \u00e9tudiants sur le campus Lansdowne du Camosun College. Le coll\u00e8ge apportera une contribution suppl\u00e9mentaire de 1,4 million de tonnes, pour un co\u00fbt total du projet de 1,4 million de tonnes et 154,7 millions de dollars. Selon un communiqu\u00e9 de presse du coll\u00e8ge, le b\u00e2timent de six \u00e9tages sera construit en bois massif et comprendra plus de 400 lits pour \u00e9tudiants (dortoirs, suites individuelles et appartements de quatre chambres), ainsi que des salles de r\u00e9flexion, des salles de bains universelles et des cuisines communes. Le Coll\u00e8ge est actuellement en train de choisir un consultant principal pour diriger la phase de conception ; il pr\u00e9voit que le consultant sera en place en 2025. L'ach\u00e8vement du projet est pr\u00e9vu pour l'automne 2027.<\/p>","protected":false},"author":3658,"featured_media":71436,"comment_status":"open","ping_status":"open","sticky":false,"template":"","format":"standard","meta":{"_acf_changed":false,"_uf_show_specific_survey":0,"_uf_disable_surveys":false,"footnotes":""},"categories":[62],"tags":[],"language":[60],"personas":[],"tag_cloud":[],"class_list":["post-71467","post","type-post","status-publish","format-standard","has-post-thumbnail","hentry","category-uncategorized-en","language-en"],"acf":[],"_links":{"self":[{"href":"https:\/\/cwc.ca\/fr\/wp-json\/wp\/v2\/posts\/71467","targetHints":{"allow":["GET"]}}],"collection":[{"href":"https:\/\/cwc.ca\/fr\/wp-json\/wp\/v2\/posts"}],"about":[{"href":"https:\/\/cwc.ca\/fr\/wp-json\/wp\/v2\/types\/post"}],"author":[{"embeddable":true,"href":"https:\/\/cwc.ca\/fr\/wp-json\/wp\/v2\/users\/3658"}],"replies":[{"embeddable":true,"href":"https:\/\/cwc.ca\/fr\/wp-json\/wp\/v2\/comments?post=71467"}],"version-history":[{"count":2,"href":"https:\/\/cwc.ca\/fr\/wp-json\/wp\/v2\/posts\/71467\/revisions"}],"predecessor-version":[{"id":71470,"href":"https:\/\/cwc.ca\/fr\/wp-json\/wp\/v2\/posts\/71467\/revisions\/71470"}],"wp:featuredmedia":[{"embeddable":true,"href":"https:\/\/cwc.ca\/fr\/wp-json\/wp\/v2\/media\/71436"}],"wp:attachment":[{"href":"https:\/\/cwc.ca\/fr\/wp-json\/wp\/v2\/media?parent=71467"}],"wp:term":[{"taxonomy":"category","embeddable":true,"href":"https:\/\/cwc.ca\/fr\/wp-json\/wp\/v2\/categories?post=71467"},{"taxonomy":"post_tag","embeddable":true,"href":"https:\/\/cwc.ca\/fr\/wp-json\/wp\/v2\/tags?post=71467"},{"taxonomy":"language","embeddable":true,"href":"https:\/\/cwc.ca\/fr\/wp-json\/wp\/v2\/language?post=71467"},{"taxonomy":"personas","embeddable":true,"href":"https:\/\/cwc.ca\/fr\/wp-json\/wp\/v2\/personas?post=71467"},{"taxonomy":"tag_cloud","embeddable":true,"href":"https:\/\/cwc.ca\/fr\/wp-json\/wp\/v2\/tag_cloud?post=71467"}],"curies":[{"name":"wp","href":"https:\/\/api.w.org\/{rel}","templated":true}]}}